{"id":15567,"date":"2025-02-14T16:24:22","date_gmt":"2025-02-14T14:24:22","guid":{"rendered":"https:\/\/inanna.events\/en-el-corazon-de-sanremo-2025\/"},"modified":"2025-02-25T07:46:10","modified_gmt":"2025-02-25T07:46:10","slug":"en-el-corazon-de-sanremo-2025","status":"publish","type":"post","link":"https:\/\/inanna.events\/es\/en-el-corazon-de-sanremo-2025\/","title":{"rendered":"En el coraz\u00f3n de Sanremo 2025"},"content":{"rendered":"\t\t<div data-elementor-type=\"wp-post\" data-elementor-id=\"15567\" class=\"elementor elementor-15567\">\n\t\t\t\t<div class=\"content-row-elementor elementor-element elementor-element-d00660e full_elementor light-section row_padding_bottom_elementor inherit-header-color e-flex e-con-boxed e-con e-parent\" data-id=\"d00660e\" data-element_type=\"container\" data-e-type=\"container\">\n\t\t\t\t\t<div class=\"e-con-inner\">\n\t\t\t\t\t<\/div>\n\t\t\t\t<\/div>\n\t\t<div class=\"content-row-elementor elementor-element elementor-element-837d8ad full_elementor change-header-color dark-section e-flex e-con-boxed e-con e-parent\" data-id=\"837d8ad\" data-element_type=\"container\" data-e-type=\"container\">\n\t\t\t\t\t<div class=\"e-con-inner\">\n\t\t\t\t<div class=\"elementor-element elementor-element-fdc1c9d elementor-widget__width-inherit elementor-widget elementor-widget-image\" data-id=\"fdc1c9d\" data-element_type=\"widget\" data-e-type=\"widget\" data-widget_type=\"image.default\">\n\t\t\t\t<div class=\"elementor-widget-container\">\n\t\t\t\t\t\t\t\t\t\t\t\t\t\t\t<img fetchpriority=\"high\" decoding=\"async\" width=\"1536\" height=\"864\" src=\"https:\/\/inanna.events\/wp-content\/uploads\/2025\/02\/mariangela-stage_16-9-1536x864.jpg\" class=\"attachment-1536x1536 size-1536x1536 wp-image-15306\" alt=\"Mariangela en el escenario\" srcset=\"https:\/\/inanna.events\/wp-content\/uploads\/2025\/02\/mariangela-stage_16-9-1536x864.jpg 1536w, https:\/\/inanna.events\/wp-content\/smush-webp\/2025\/02\/mariangela-stage_16-9-300x169.jpg.webp 300w, https:\/\/inanna.events\/wp-content\/uploads\/2025\/02\/mariangela-stage_16-9-1024x576.jpg 1024w, https:\/\/inanna.events\/wp-content\/uploads\/2025\/02\/mariangela-stage_16-9-768x432.jpg 768w, https:\/\/inanna.events\/wp-content\/uploads\/2025\/02\/mariangela-stage_16-9-2048x1152.jpg 2048w\" sizes=\"(max-width: 1536px) 100vw, 1536px\" \/>\t\t\t\t\t\t\t\t\t\t\t\t\t\t\t<\/div>\n\t\t\t\t<\/div>\n\t\t\t\t\t<\/div>\n\t\t\t\t<\/div>\n\t\t<div class=\"content-row-elementor elementor-element elementor-element-a81c76a e-con-full light-section inherit-header-color full_elementor row_padding_left_elementor row_padding_right_elementor e-flex e-con e-parent\" data-id=\"a81c76a\" data-element_type=\"container\" data-e-type=\"container\">\n\t\t\t\t<div class=\"elementor-element elementor-element-6a32cba elementor-widget elementor-widget-heading\" data-id=\"6a32cba\" data-element_type=\"widget\" data-e-type=\"widget\" data-widget_type=\"heading.default\">\n\t\t\t\t<div class=\"elementor-widget-container\">\n\t\t\t\t\t<h1 class=\"elementor-heading-title elementor-size-default\"><span class=\"has-mask-fill primary-font-title\">EN EL CORAZ\u00d3N DE SANREMO 2025<\/span><\/h1>\t\t\t\t<\/div>\n\t\t\t\t<\/div>\n\t\t\t\t<div class=\"elementor-element elementor-element-7b28219 text-align-center elementor-widget elementor-widget-montoya_heading\" data-id=\"7b28219\" data-element_type=\"widget\" data-e-type=\"widget\" data-widget_type=\"montoya_heading.default\">\n\t\t\t\t<div class=\"elementor-widget-container\">\n\t\t\t\t\t<h5>El arte de permanecer inmaterial<\/h5>\t\t\t\t<\/div>\n\t\t\t\t<\/div>\n\t\t\t\t<\/div>\n\t\t<div class=\"content-row-elementor elementor-element elementor-element-56a98e5 dark-section inherit-header-color full_elementor row_padding_left_elementor row_padding_right_elementor e-flex e-con-boxed e-con e-parent\" data-id=\"56a98e5\" data-element_type=\"container\" data-e-type=\"container\" data-settings=\"{&quot;background_background&quot;:&quot;classic&quot;}\">\n\t\t\t\t\t<div class=\"e-con-inner\">\n\t\t\t\t<div class=\"elementor-element elementor-element-e7221f4 elementor-widget elementor-widget-text-editor\" data-id=\"e7221f4\" data-element_type=\"widget\" data-e-type=\"widget\" data-widget_type=\"text-editor.default\">\n\t\t\t\t<div class=\"elementor-widget-container\">\n\t\t\t\t\t\t\t\t\t<p>Con esta imagen, inadaptada a los c\u00e1nones de la est\u00e9tica digital, dicen los expertos, comienzo a contarte nuestro viaje a Sanremo. No un viaje repentino, sino la culminaci\u00f3n de un viaje que comenz\u00f3 hace veinticinco a\u00f1os, como un eco lejano que espera el momento adecuado para resonar de nuevo. <span style=\"font-size: inherit; text-align: var(--text-align);\"> <\/span><\/p>\n<p>A\u00fan no ten\u00eda 20 a\u00f1os y mi forma de comunicarme elud\u00eda las palabras. Me expresaba mediante im\u00e1genes, movimientos, sonidos. Primero la danza, luego la voz.  <span style=\"font-size: inherit;\"> <\/span><\/p>\n<p>Buscaba algo indefinido, algo perdido durante siglos, tal vez milenios, no s\u00f3lo por m\u00ed, sino por un femenino arcaico, olvidado en los pliegues del tiempo.<\/p>\n<p>En alg\u00fan momento, hubo un momento, un posible desv\u00edo en el que esa b\u00fasqueda podr\u00eda haberme llevado a San Remo. Pero la percepci\u00f3n de que no pertenec\u00eda a aquel lugar, de que no estaba rodeado de las personas adecuadas, cambi\u00f3 el curso de los acontecimientos. <span style=\"font-size: inherit;\"> <\/span><\/p>\n<p>Pero, la investigaci\u00f3n aut\u00e9ntica no se detiene, cambia de forma, se transforma y contin\u00faa su camino. \u00c9ste, pasando por mis hijos, ha llegado a mis manos. Manos que hoy dan forma, con el tacto y la visi\u00f3n, a lo que antes era s\u00f3lo un susurro de sonido, un remolino de im\u00e1genes y movimiento.  <\/p>\n\t\t\t\t\t\t\t\t<\/div>\n\t\t\t\t<\/div>\n\t\t\t\t<div class=\"elementor-element elementor-element-a37b137 elementor-widget__width-inherit elementor-widget elementor-widget-image\" data-id=\"a37b137\" data-element_type=\"widget\" data-e-type=\"widget\" data-widget_type=\"image.default\">\n\t\t\t\t<div class=\"elementor-widget-container\">\n\t\t\t\t\t\t\t\t\t\t\t\t\t\t\t<img decoding=\"async\" width=\"1536\" height=\"1024\" src=\"https:\/\/inanna.events\/wp-content\/uploads\/2025\/02\/2025-02-13-sanremo-093-1536x1024.jpg\" class=\"attachment-1536x1536 size-1536x1536 wp-image-15242\" alt=\"\" srcset=\"https:\/\/inanna.events\/wp-content\/uploads\/2025\/02\/2025-02-13-sanremo-093-1536x1024.jpg 1536w, https:\/\/inanna.events\/wp-content\/uploads\/2025\/02\/2025-02-13-sanremo-093-300x200.jpg 300w, https:\/\/inanna.events\/wp-content\/smush-webp\/2025\/02\/2025-02-13-sanremo-093-1024x683.jpg.webp 1024w, https:\/\/inanna.events\/wp-content\/smush-webp\/2025\/02\/2025-02-13-sanremo-093-768x512.jpg.webp 768w, https:\/\/inanna.events\/wp-content\/uploads\/2025\/02\/2025-02-13-sanremo-093-2048x1366.jpg 2048w\" sizes=\"(max-width: 1536px) 100vw, 1536px\" \/>\t\t\t\t\t\t\t\t\t\t\t\t\t\t\t<\/div>\n\t\t\t\t<\/div>\n\t\t\t\t<div class=\"elementor-element elementor-element-811780c elementor-widget elementor-widget-text-editor\" data-id=\"811780c\" data-element_type=\"widget\" data-e-type=\"widget\" data-widget_type=\"text-editor.default\">\n\t\t\t\t<div class=\"elementor-widget-container\">\n\t\t\t\t\t\t\t\t\t<p>Y as\u00ed, despu\u00e9s de a\u00f1os, fui a Sanremo, no a cantar, sino a construir una escenograf\u00eda de belleza y ensue\u00f1o. En el coraz\u00f3n palpitante de la ciudad, durante la semana del festival m\u00e1s famoso de Italia, creamos un escenario que era a la vez escenograf\u00eda y experiencia, donde el arte y la naturaleza pod\u00edan entrelazarse, evocando la magia ef\u00edmera de un momento que se graba en la memoria. <\/p>\n<p>Una arquitectura ef\u00edmera, que crea contrastes entre la luz y la sombra, entre el rojo y el blanco, entre lo que ha sido y lo que ser\u00e1. Las palabras no pronunciadas, como una melod\u00eda apenas audible que perdura en el aire, atrapan a los transe\u00fantes que absorben la esencia de un tiempo suspendido, en un momento para recordar. <\/p>\n<p>Sanremo es un lugar, pero tambi\u00e9n una imaginaci\u00f3n.<\/p>\n<p>Un rinc\u00f3n del mundo donde las historias se encuentran y chocan, en una continua creaci\u00f3n y disoluci\u00f3n en el susurro del oleaje. Aqu\u00ed, en el bullicio de las ajetreadas calles, hemos visto detenerse el tiempo por un instante. <\/p>\n<p>No se necesitan palabras, no hay que dar explicaciones: s\u00f3lo la certeza de haber dejado una huella sutil, hecha de armon\u00eda y suspensi\u00f3n, de algo que existe justo antes de desvanecerse.<\/p>\n\t\t\t\t\t\t\t\t<\/div>\n\t\t\t\t<\/div>\n\t\t\t\t\t<\/div>\n\t\t\t\t<\/div>\n\t\t\t\t<\/div>\n\t\t","protected":false},"excerpt":{"rendered":"<p>EN EL CORAZ\u00d3N DE SANREMO 2025 El arte de permanecer inmaterial Con esta imagen, inadaptada a los c\u00e1nones de la est\u00e9tica digital, dicen los expertos, comienzo a contarte nuestro viaje a Sanremo. No un viaje repentino, sino la culminaci\u00f3n de un viaje que comenz\u00f3 hace veinticinco a\u00f1os, como un eco lejano que espera el momento [&hellip;]<\/p>\n","protected":false},"author":1,"featured_media":15306,"comment_status":"closed","ping_status":"closed","sticky":false,"template":"elementor_theme","format":"standard","meta":{"footnotes":""},"categories":[216],"tags":[],"class_list":["post-15567","post","type-post","status-publish","format-standard","has-post-thumbnail","hentry","category-historias"],"_links":{"self":[{"href":"https:\/\/inanna.events\/es\/wp-json\/wp\/v2\/posts\/15567","targetHints":{"allow":["GET"]}}],"collection":[{"href":"https:\/\/inanna.events\/es\/wp-json\/wp\/v2\/posts"}],"about":[{"href":"https:\/\/inanna.events\/es\/wp-json\/wp\/v2\/types\/post"}],"author":[{"embeddable":true,"href":"https:\/\/inanna.events\/es\/wp-json\/wp\/v2\/users\/1"}],"replies":[{"embeddable":true,"href":"https:\/\/inanna.events\/es\/wp-json\/wp\/v2\/comments?post=15567"}],"version-history":[{"count":1,"href":"https:\/\/inanna.events\/es\/wp-json\/wp\/v2\/posts\/15567\/revisions"}],"predecessor-version":[{"id":15569,"href":"https:\/\/inanna.events\/es\/wp-json\/wp\/v2\/posts\/15567\/revisions\/15569"}],"wp:featuredmedia":[{"embeddable":true,"href":"https:\/\/inanna.events\/es\/wp-json\/wp\/v2\/media\/15306"}],"wp:attachment":[{"href":"https:\/\/inanna.events\/es\/wp-json\/wp\/v2\/media?parent=15567"}],"wp:term":[{"taxonomy":"category","embeddable":true,"href":"https:\/\/inanna.events\/es\/wp-json\/wp\/v2\/categories?post=15567"},{"taxonomy":"post_tag","embeddable":true,"href":"https:\/\/inanna.events\/es\/wp-json\/wp\/v2\/tags?post=15567"}],"curies":[{"name":"wp","href":"https:\/\/api.w.org\/{rel}","templated":true}]}}